{"id":4657,"date":"2019-03-15T16:15:49","date_gmt":"2019-03-15T16:15:49","guid":{"rendered":"http:\/\/evisprodukttestblog.de\/?p=4657"},"modified":"2019-03-15T16:21:23","modified_gmt":"2019-03-15T16:21:23","slug":"unbezahlte-werbung-paediprotect","status":"publish","type":"post","link":"https:\/\/evisprodukttestblog.de\/?p=4657","title":{"rendered":"**unbezahlte Werbung** Paediprotect"},"content":{"rendered":"\n<blockquote class=\"wp-block-quote is-layout-flow wp-block-quote-is-layout-flow\"><p>Start frei f\u00fcr den ersten gro\u00dfen Produkttest 2019! <br>PAEDIPROTECT ist (noch) ein Geheimtipp f\u00fcr medizinische Hautpflege mit nat\u00fcrlichen Wirkstoffen. <strong>Motto &amp; Ziel der sympathischen Marke mit dem Pinguin: <\/strong><br>Unsere Haut bestm\u00f6glich zu sch\u00fctzen \u2013 insbesondere bei Sonne, Wind &amp; Wetter. <br>Nicht ohne Grund vertrauen Winter-Sportler wie Rennrodlerin Natalie Geisenberger oder Nordischer Kombinierer und \u201eSportler des Jahres 2017\u201c Johannes Rydzek auf die hoch-effektiven PAEDIPROTECT Produkte.<br><br>Und weil die zarte Baby- und Kinderhaut ganz besonders gesch\u00fctzt werden muss, gibt es jetzt brandneu eine Pflegelinie f\u00fcr die Kleinen!<br><\/p><cite>https:\/\/www.konsumgoettinnen.de\/produkttest-paediprotect-pflegeserie<\/cite><\/blockquote>\n\n\n\n<ul class=\"wp-block-gallery columns-1 is-cropped wp-block-gallery-1 is-layout-flex wp-block-gallery-is-layout-flex\"><li class=\"blocks-gallery-item\"><figure><img loading=\"lazy\" decoding=\"async\" width=\"1024\" height=\"503\" src=\"https:\/\/evisprodukttestblog.de\/wp-content\/uploads\/2019\/03\/Screenshot-2019-03-15-17.14.16-1024x503.png\" alt=\"\" data-id=\"4665\" data-link=\"https:\/\/evisprodukttestblog.de\/?attachment_id=4665\" class=\"wp-image-4665\" srcset=\"https:\/\/evisprodukttestblog.de\/wp-content\/uploads\/2019\/03\/Screenshot-2019-03-15-17.14.16-1024x503.png 1024w, https:\/\/evisprodukttestblog.de\/wp-content\/uploads\/2019\/03\/Screenshot-2019-03-15-17.14.16-300x147.png 300w, https:\/\/evisprodukttestblog.de\/wp-content\/uploads\/2019\/03\/Screenshot-2019-03-15-17.14.16-768x377.png 768w, https:\/\/evisprodukttestblog.de\/wp-content\/uploads\/2019\/03\/Screenshot-2019-03-15-17.14.16.png 1248w\" sizes=\"auto, (max-width: 1024px) 100vw, 1024px\" \/><\/figure><\/li><\/ul>\n\n\n\n<p style=\"text-align:center\"><br><strong><em>3.600 Konsumg\u00f6ttinnen-M\u00fctter d\u00fcrfen sie mit ihren kleinen Lieblingen testen <\/em><\/strong><br><strong><em>und wir sagen DANKESCH\u00d6\u00d6\u00d6\u00d6\u00d6\u00d6\u00d6\u00d6\u00d6\u00d6\u00d6\u00d6N, dass wir dabei sein d\u00fcrfen! <\/em><\/strong><\/p>\n\n\n\n<p style=\"text-align:center\">***<\/p>\n\n\n\n<p>Unser Testpaket kam wohlbehalten an und nat\u00fcrlich wurde der Stoffpinguin sofort beschlagnahmt ^^<br><br> Die Pflegelotion riecht sehr angenehm, l\u00e4sst sich gut verteilen und zieht relativ schnell ein.<br><br>Leider gibt es aber auch etwas zu kritisieren&#8230; <br>Nach nur wenigen Anwendungen hat sich der Deckel verabschiedet&#8230; um genau zu sein, hat sich dieser zweigeteilt und kann nun nicht mehr richtig verwendet werden&#8230; <\/p>\n\n\n\n<p>Vielleicht ein Transportschaden, vielleicht aber auch ein Montagsprodukt &#8211; <br>wie auch immer, auf alle F\u00e4lle \u00e4rgerlich \ud83d\ude41<\/p>\n\n\n\n<p>Trotzdem gibt&#8217;s von uns ein D\u00c4UMCHEN HOCH, denn die Creme ist wirklich klasse!<\/p>\n\n\n\n<p style=\"text-align:center\">***<\/p>\n\n\n\n<ul class=\"wp-block-gallery columns-3 is-cropped wp-block-gallery-2 is-layout-flex wp-block-gallery-is-layout-flex\"><li class=\"blocks-gallery-item\"><figure><img loading=\"lazy\" decoding=\"async\" width=\"1024\" height=\"1024\" src=\"https:\/\/evisprodukttestblog.de\/wp-content\/uploads\/2019\/03\/DSC09200-01-1024x1024.jpeg\" alt=\"\" data-id=\"4660\" data-link=\"https:\/\/evisprodukttestblog.de\/?attachment_id=4660\" class=\"wp-image-4660\" srcset=\"https:\/\/evisprodukttestblog.de\/wp-content\/uploads\/2019\/03\/DSC09200-01-1024x1024.jpeg 1024w, https:\/\/evisprodukttestblog.de\/wp-content\/uploads\/2019\/03\/DSC09200-01-150x150.jpeg 150w, https:\/\/evisprodukttestblog.de\/wp-content\/uploads\/2019\/03\/DSC09200-01-300x300.jpeg 300w, https:\/\/evisprodukttestblog.de\/wp-content\/uploads\/2019\/03\/DSC09200-01-768x769.jpeg 768w\" sizes=\"auto, (max-width: 1024px) 100vw, 1024px\" \/><\/figure><\/li><li class=\"blocks-gallery-item\"><figure><img loading=\"lazy\" decoding=\"async\" width=\"1024\" height=\"1022\" src=\"https:\/\/evisprodukttestblog.de\/wp-content\/uploads\/2019\/03\/DSC09195-01-1024x1022.jpeg\" alt=\"\" data-id=\"4663\" data-link=\"https:\/\/evisprodukttestblog.de\/?attachment_id=4663\" class=\"wp-image-4663\" srcset=\"https:\/\/evisprodukttestblog.de\/wp-content\/uploads\/2019\/03\/DSC09195-01-1024x1022.jpeg 1024w, https:\/\/evisprodukttestblog.de\/wp-content\/uploads\/2019\/03\/DSC09195-01-150x150.jpeg 150w, https:\/\/evisprodukttestblog.de\/wp-content\/uploads\/2019\/03\/DSC09195-01-300x300.jpeg 300w, https:\/\/evisprodukttestblog.de\/wp-content\/uploads\/2019\/03\/DSC09195-01-768x767.jpeg 768w\" sizes=\"auto, (max-width: 1024px) 100vw, 1024px\" \/><\/figure><\/li><li class=\"blocks-gallery-item\"><figure><img loading=\"lazy\" decoding=\"async\" width=\"1024\" height=\"1022\" src=\"https:\/\/evisprodukttestblog.de\/wp-content\/uploads\/2019\/03\/DSC09242-01-1024x1022.jpeg\" alt=\"\" data-id=\"4661\" data-link=\"https:\/\/evisprodukttestblog.de\/?attachment_id=4661\" class=\"wp-image-4661\" srcset=\"https:\/\/evisprodukttestblog.de\/wp-content\/uploads\/2019\/03\/DSC09242-01-1024x1022.jpeg 1024w, https:\/\/evisprodukttestblog.de\/wp-content\/uploads\/2019\/03\/DSC09242-01-150x150.jpeg 150w, https:\/\/evisprodukttestblog.de\/wp-content\/uploads\/2019\/03\/DSC09242-01-300x300.jpeg 300w, https:\/\/evisprodukttestblog.de\/wp-content\/uploads\/2019\/03\/DSC09242-01-768x766.jpeg 768w\" sizes=\"auto, (max-width: 1024px) 100vw, 1024px\" \/><\/figure><\/li><\/ul>\n\n\n\n<p style=\"text-align:center\"><strong>Erh\u00e4ltlich ist die neue Pflegeserie ab Sofort im <a href=\"https:\/\/ppcreme.de\/\" target=\"_blank\" rel=\"noopener\">Onlineshop<\/a> von <\/strong>PAEDIPROTECT<strong>, <br>sowie in den Filialen von dm, M\u00fcller, Globus &amp; real,-<\/strong><\/p>\n\n\n\n<p><\/p>\n\n\n\n<p style=\"text-align:center\">(unbezahlte Werbung &#8211; kostenloses Testprodukt)<\/p>\n","protected":false},"excerpt":{"rendered":"<p>Start frei f\u00fcr den ersten gro\u00dfen Produkttest 2019! PAEDIPROTECT ist (noch) ein Geheimtipp f\u00fcr medizinische Hautpflege mit nat\u00fcrlichen Wirkstoffen. Motto &amp; Ziel der sympathischen Marke<\/p>\n","protected":false},"author":1,"featured_media":4662,"comment_status":"closed","ping_status":"closed","sticky":false,"template":"","format":"standard","meta":{"footnotes":""},"categories":[6,28,11],"tags":[],"class_list":["post-4657","post","type-post","status-publish","format-standard","has-post-thumbnail","hentry","category-baby-kleinkind","category-konsumgoettinnen","category-schmuck-kosmetik"],"_links":{"self":[{"href":"https:\/\/evisprodukttestblog.de\/index.php?rest_route=\/wp\/v2\/posts\/4657","targetHints":{"allow":["GET"]}}],"collection":[{"href":"https:\/\/evisprodukttestblog.de\/index.php?rest_route=\/wp\/v2\/posts"}],"about":[{"href":"https:\/\/evisprodukttestblog.de\/index.php?rest_route=\/wp\/v2\/types\/post"}],"author":[{"embeddable":true,"href":"https:\/\/evisprodukttestblog.de\/index.php?rest_route=\/wp\/v2\/users\/1"}],"replies":[{"embeddable":true,"href":"https:\/\/evisprodukttestblog.de\/index.php?rest_route=%2Fwp%2Fv2%2Fcomments&post=4657"}],"version-history":[{"count":7,"href":"https:\/\/evisprodukttestblog.de\/index.php?rest_route=\/wp\/v2\/posts\/4657\/revisions"}],"predecessor-version":[{"id":4669,"href":"https:\/\/evisprodukttestblog.de\/index.php?rest_route=\/wp\/v2\/posts\/4657\/revisions\/4669"}],"wp:featuredmedia":[{"embeddable":true,"href":"https:\/\/evisprodukttestblog.de\/index.php?rest_route=\/wp\/v2\/media\/4662"}],"wp:attachment":[{"href":"https:\/\/evisprodukttestblog.de\/index.php?rest_route=%2Fwp%2Fv2%2Fmedia&parent=4657"}],"wp:term":[{"taxonomy":"category","embeddable":true,"href":"https:\/\/evisprodukttestblog.de\/index.php?rest_route=%2Fwp%2Fv2%2Fcategories&post=4657"},{"taxonomy":"post_tag","embeddable":true,"href":"https:\/\/evisprodukttestblog.de\/index.php?rest_route=%2Fwp%2Fv2%2Ftags&post=4657"}],"curies":[{"name":"wp","href":"https:\/\/api.w.org\/{rel}","templated":true}]}}