{"id":21139,"date":"2025-10-23T14:26:26","date_gmt":"2025-10-23T14:26:26","guid":{"rendered":"https:\/\/evisprodukttestblog.de\/?p=21139"},"modified":"2025-10-25T13:58:30","modified_gmt":"2025-10-25T13:58:30","slug":"21139","status":"publish","type":"post","link":"https:\/\/evisprodukttestblog.de\/?p=21139","title":{"rendered":"Kneipp\u00ae Herbst\/Winter Neuheiten 2025 &#x2665; Wellness f\u00fcr die kalte Jahreszeit"},"content":{"rendered":"\n<p class=\"has-text-align-center has-small-font-size\">***dieser Beitrag enth\u00e4lt Werbung***\u00a0<\/p>\n\n\n\n<p>Auch wenn es sich Mitte September drau\u00dfen noch nicht ganz nach Herbst angef\u00fchlt hat, launchte Kneipp bereits die passenden Neuheiten f\u00fcr die k\u00fchle Jahreszeit. \ud83d\ude00 <br><br>In diesem Beitrag m\u00f6chte ich euch die neuen Pflege- und Wohlf\u00fchlprodukte vorstellen, die K\u00f6rper und Seele gleicherma\u00dfen verw\u00f6hnen \ud83d\ude42<\/p>\n\n\n\n<p class=\"has-text-align-center\">***<\/p>\n\n\n\n<div class=\"wp-block-group\"><div class=\"wp-block-group__inner-container is-layout-constrained wp-block-group-is-layout-constrained\">\n<figure class=\"wp-block-gallery has-nested-images columns-default is-cropped wp-block-gallery-1 is-layout-flex wp-block-gallery-is-layout-flex\">\n<figure class=\"wp-block-image size-full\"><img loading=\"lazy\" decoding=\"async\" width=\"1701\" height=\"2560\" data-id=\"21693\" src=\"https:\/\/evisprodukttestblog.de\/wp-content\/uploads\/2025\/09\/DSC01539-scaled.jpg\" alt=\"\" class=\"wp-image-21693\" srcset=\"https:\/\/evisprodukttestblog.de\/wp-content\/uploads\/2025\/09\/DSC01539-scaled.jpg 1701w, https:\/\/evisprodukttestblog.de\/wp-content\/uploads\/2025\/09\/DSC01539-199x300.jpg 199w, https:\/\/evisprodukttestblog.de\/wp-content\/uploads\/2025\/09\/DSC01539-680x1024.jpg 680w, https:\/\/evisprodukttestblog.de\/wp-content\/uploads\/2025\/09\/DSC01539-768x1156.jpg 768w, https:\/\/evisprodukttestblog.de\/wp-content\/uploads\/2025\/09\/DSC01539-1021x1536.jpg 1021w, https:\/\/evisprodukttestblog.de\/wp-content\/uploads\/2025\/09\/DSC01539-1361x2048.jpg 1361w\" sizes=\"auto, (max-width: 1701px) 100vw, 1701px\" \/><\/figure>\n\n\n\n<figure class=\"wp-block-image size-full\"><img loading=\"lazy\" decoding=\"async\" width=\"1701\" height=\"2560\" data-id=\"21701\" src=\"https:\/\/evisprodukttestblog.de\/wp-content\/uploads\/2025\/10\/DSC01970-edited-1-scaled.jpg\" alt=\"\" class=\"wp-image-21701\" srcset=\"https:\/\/evisprodukttestblog.de\/wp-content\/uploads\/2025\/10\/DSC01970-edited-1-scaled.jpg 1701w, https:\/\/evisprodukttestblog.de\/wp-content\/uploads\/2025\/10\/DSC01970-edited-1-199x300.jpg 199w, https:\/\/evisprodukttestblog.de\/wp-content\/uploads\/2025\/10\/DSC01970-edited-1-680x1024.jpg 680w, https:\/\/evisprodukttestblog.de\/wp-content\/uploads\/2025\/10\/DSC01970-edited-1-768x1156.jpg 768w, https:\/\/evisprodukttestblog.de\/wp-content\/uploads\/2025\/10\/DSC01970-edited-1-1021x1536.jpg 1021w, https:\/\/evisprodukttestblog.de\/wp-content\/uploads\/2025\/10\/DSC01970-edited-1-1361x2048.jpg 1361w\" sizes=\"auto, (max-width: 1701px) 100vw, 1701px\" \/><\/figure>\n\n\n\n<figure class=\"wp-block-image size-full\"><img loading=\"lazy\" decoding=\"async\" width=\"1701\" height=\"2560\" data-id=\"21692\" src=\"https:\/\/evisprodukttestblog.de\/wp-content\/uploads\/2025\/09\/DSC01623-scaled.jpg\" alt=\"\" class=\"wp-image-21692\" srcset=\"https:\/\/evisprodukttestblog.de\/wp-content\/uploads\/2025\/09\/DSC01623-scaled.jpg 1701w, https:\/\/evisprodukttestblog.de\/wp-content\/uploads\/2025\/09\/DSC01623-199x300.jpg 199w, https:\/\/evisprodukttestblog.de\/wp-content\/uploads\/2025\/09\/DSC01623-680x1024.jpg 680w, https:\/\/evisprodukttestblog.de\/wp-content\/uploads\/2025\/09\/DSC01623-768x1156.jpg 768w, https:\/\/evisprodukttestblog.de\/wp-content\/uploads\/2025\/09\/DSC01623-1021x1536.jpg 1021w, https:\/\/evisprodukttestblog.de\/wp-content\/uploads\/2025\/09\/DSC01623-1361x2048.jpg 1361w\" sizes=\"auto, (max-width: 1701px) 100vw, 1701px\" \/><\/figure>\n<\/figure>\n<\/div><\/div>\n\n\n\n<p class=\"has-text-align-center has-white-color has-primary-background-color has-text-color has-background has-link-color has-medium-font-size wp-elements-1c0461cf18bd7b7e594f2deee0250aca\"><strong>Aroma-Pflegeduschen<\/strong><\/p>\n\n\n\n<p>Los geht\u2019s mit den neuen Aroma-Pflegeduschen\u2026<br>Hier warten drei spannende Varianten, die nicht nur durch ihren Duft, sondern auch durch ihre pflegenden Inhaltsstoffe \u00fcberzeugen \ud83d\ude09<\/p>\n\n\n\n<ul class=\"wp-block-list\">\n<li><strong>Ich. Einzigartig.<\/strong><br>Die neue Aroma-Pflegedusche \u00fcberrascht mit warmen, holzigen Nuancen und nat\u00fcrlichen Extrakten aus Sandelholz und Kardamom. Sie sorgt f\u00fcr ein luxuri\u00f6ses Duscherlebnis, das so individuell ist wie du selbst.<\/li>\n\n\n\n<li><strong>Dynamisch 3in1 M\u00e4nnerpflege<\/strong><br>Praktisch und wirkungsvoll: Diese Pflegedusche f\u00fcr Haut, Haare und Bart vereint frische sowie aromatisch-markante Duftnoten. Mit Tonkabohne, Bio-Chia und \u00e4therischen \u00d6len verbessert die pflanzliche Formel das Hautgef\u00fchl \u2013 auch nach dem Duschen.<\/li>\n\n\n\n<li><strong>Sonne im Herzen<\/strong><br>Zitrische und warme Noten aus Bergamotte und Orange bringen Sonnenschein ins Badezimmer. Die Kombination mit Bio-Saflor\u00f6l pflegt die Haut sanft, w\u00e4hrend wissenschaftlich best\u00e4tigt ist, dass die Hautfeuchtigkeit bewahrt wird.<\/li>\n<\/ul>\n\n\n<div class=\"wp-block-image\">\n<figure class=\"aligncenter size-full is-resized\"><img loading=\"lazy\" decoding=\"async\" width=\"825\" height=\"513\" src=\"https:\/\/evisprodukttestblog.de\/wp-content\/uploads\/2025\/09\/Duschen.jpg\" alt=\"\" class=\"wp-image-21684\" style=\"width:511px;height:auto\" srcset=\"https:\/\/evisprodukttestblog.de\/wp-content\/uploads\/2025\/09\/Duschen.jpg 825w, https:\/\/evisprodukttestblog.de\/wp-content\/uploads\/2025\/09\/Duschen-300x187.jpg 300w, https:\/\/evisprodukttestblog.de\/wp-content\/uploads\/2025\/09\/Duschen-768x478.jpg 768w\" sizes=\"auto, (max-width: 825px) 100vw, 825px\" \/><\/figure>\n<\/div>\n\n\n<p class=\"has-text-align-center has-small-font-size\"><strong><em>Bildquelle: Kneipp\u00ae<\/em><\/strong><\/p>\n\n\n\n<p class=\"has-text-align-center\">***<\/p>\n\n\n\n<p class=\"has-text-align-center has-white-color has-secondary-background-color has-text-color has-background has-link-color has-medium-font-size wp-elements-9012b78351fe28f7e63efbc030bbf2e2\"><strong>Wohlf\u00fchlb\u00e4der f\u00fcr die kalte Jahreszeit<\/strong><\/p>\n\n\n\n<p>F\u00fcr alle Badefans hat Kneipp\u00ae gleich vier tolle Neuheiten im Gep\u00e4ck \u2013 ideal, um an kalten Tagen abzuschalten.<\/p>\n\n\n\n<ul class=\"wp-block-list\">\n<li><strong>Aroma-Pflegeschaumbad Erk\u00e4ltungszeit Relax<\/strong><br>Mit Salbei- und Eukalyptus\u00f6l entfaltet dieses Schaum\u00adbad seine wohltuende Wirkung. Die krautig-aromatische Duftkomposition und das hellgr\u00fcne Badewasser wirken entspannend und erleichternd zugleich.<\/li>\n\n\n\n<li><strong>Badekristalle Magische Fjorde<\/strong><br>Ein Hauch Skandinavien f\u00fcr zuhause: Mit Zedernholz\u00f6l und Meeresmineralien verwandeln sich Badewasser und Duft in ein frisches, aquatisches Erlebnis.<\/li>\n\n\n\n<li><strong>Badekristalle Winterliebling<\/strong><br>Mit Bio-Pflaumenextrakt und Bio-Babassu\u00f6l entsteht ein lilafarbenes Bad mit fruchtig-s\u00fc\u00dfem Duft \u2013 ideal f\u00fcr kuschelige Momente voller W\u00e4rme und Geborgenheit.<\/li>\n\n\n\n<li><strong>Badekristalle S\u00fc\u00dfe Winterzeit<\/strong><br>Pistazienkern\u00f6l und Tonkabohne sorgen f\u00fcr einen nussig-vanilligen Duft, der Erinnerungen an gem\u00fctliche Winterabende weckt.<\/li>\n<\/ul>\n\n\n<div class=\"wp-block-image\">\n<figure class=\"aligncenter size-full is-resized\"><img loading=\"lazy\" decoding=\"async\" width=\"884\" height=\"411\" src=\"https:\/\/evisprodukttestblog.de\/wp-content\/uploads\/2025\/09\/Badezusaetze.jpg\" alt=\"\" class=\"wp-image-21686\" style=\"width:628px;height:auto\" srcset=\"https:\/\/evisprodukttestblog.de\/wp-content\/uploads\/2025\/09\/Badezusaetze.jpg 884w, https:\/\/evisprodukttestblog.de\/wp-content\/uploads\/2025\/09\/Badezusaetze-300x139.jpg 300w, https:\/\/evisprodukttestblog.de\/wp-content\/uploads\/2025\/09\/Badezusaetze-768x357.jpg 768w\" sizes=\"auto, (max-width: 884px) 100vw, 884px\" \/><\/figure>\n<\/div>\n\n\n<p class=\"has-text-align-center has-small-font-size\"><strong><em>Bildquelle: Kneipp\u00ae<\/em><\/strong><\/p>\n\n\n\n<p class=\"has-text-align-center\">***<\/p>\n\n\n\n<p class=\"has-text-align-center has-white-color has-secondary-background-color has-text-color has-background has-link-color has-medium-font-size wp-elements-e7e77879643bd9db0904b0fa2dff187c\"><em><strong>Erg\u00e4nzende Produkte f\u00fcr mehr Wohlbefinden<\/strong><\/em><\/p>\n\n\n\n<p>Last but not least werfen wir noch einen Blick auf vier neue Produkte aus der Kategorie <em><strong><a href=\"https:\/\/www.kneipp.com\/de_de\/neuheiten\/gesundheit-lifestyle\/\" target=\"_blank\" rel=\"noreferrer noopener nofollow\">&#8222;Gesundheit &amp; Lifestyle&#8220;<\/a><\/strong><\/em>, die K\u00f6rper und Geist eine Extra-Portion Wohlbefinden schenken \ud83d\ude42<\/p>\n\n\n\n<ul class=\"wp-block-list\">\n<li><strong>Muskel Aktiv Gel<\/strong><br>Mit Bio-Arnika, Latschenkiefern\u00f6l und Panthenol eignet sich das Gel ideal vor oder nach sportlichen Aktivit\u00e4ten. Jetzt pr\u00e4sentiert sich die bew\u00e4hrte Rezeptur in neuer Verpackung.<\/li>\n\n\n\n<li><strong>Erk\u00e4ltungsbalsam<\/strong><br>Der Kneipp Erk\u00e4ltungsbalsam enth\u00e4lt 10 % Eucalyptus\u00f6l und lindert Husten bei Erk\u00e4ltungen. Gleichzeitig befreit er die Atemwege auf nat\u00fcrliche Weise. Die moderne, gut vertr\u00e4gliche Rezeptur setzt auf einen bew\u00e4hrten pflanzlichen Wirkstoff in Kombination mit sorgf\u00e4ltig ausgew\u00e4hlten Hilfsstoffen \u2013 und ist bereits f\u00fcr Kinder ab 3 Jahren geeignet.<\/li>\n\n\n\n<li><strong>D3 + B12 Gummies<\/strong><br>Mit Vitamin D3, B12, Ingwer und Kurkuma unterst\u00fctzen die veganen Gummies Energie, Leistung und das Immunsystem. Sie schmecken nach Orange-Ingwer, sind gluten- und laktosefrei und kommen ohne k\u00fcnstliche Zus\u00e4tze aus.<\/li>\n\n\n\n<li><strong>Ashwagandha Entspannung Spray<\/strong><br>F\u00fcr stressige Zeiten: Die Kombination aus Ashwagandha, Passionsblume, Melisse und B-Vitaminen unterst\u00fctzt das Nervensystem. Die Einnahme erfolgt unkompliziert \u00fcber ein Direkt-Spray.<\/li>\n<\/ul>\n\n\n<div class=\"wp-block-image\">\n<figure class=\"aligncenter size-full is-resized\"><img loading=\"lazy\" decoding=\"async\" width=\"891\" height=\"447\" src=\"https:\/\/evisprodukttestblog.de\/wp-content\/uploads\/2025\/09\/Nahrungsergaenzung.jpg\" alt=\"\" class=\"wp-image-21689\" style=\"width:619px;height:auto\" srcset=\"https:\/\/evisprodukttestblog.de\/wp-content\/uploads\/2025\/09\/Nahrungsergaenzung.jpg 891w, https:\/\/evisprodukttestblog.de\/wp-content\/uploads\/2025\/09\/Nahrungsergaenzung-300x151.jpg 300w, https:\/\/evisprodukttestblog.de\/wp-content\/uploads\/2025\/09\/Nahrungsergaenzung-768x385.jpg 768w\" sizes=\"auto, (max-width: 891px) 100vw, 891px\" \/><\/figure>\n<\/div>\n\n\n<p class=\"has-text-align-center has-small-font-size\"><strong><em>Bildquelle: Kneipp\u00ae<\/em><\/strong><\/p>\n\n\n\n<p class=\"has-text-align-center\">***<\/p>\n\n\n\n<div class=\"wp-block-group\"><div class=\"wp-block-group__inner-container is-layout-constrained wp-block-group-is-layout-constrained\">\n<figure class=\"wp-block-gallery has-nested-images columns-default is-cropped wp-block-gallery-2 is-layout-flex wp-block-gallery-is-layout-flex\">\n<figure class=\"wp-block-image size-full\"><img loading=\"lazy\" decoding=\"async\" width=\"1934\" height=\"2560\" data-id=\"21704\" src=\"https:\/\/evisprodukttestblog.de\/wp-content\/uploads\/2025\/09\/DSC02059-1-scaled.jpg\" alt=\"\" class=\"wp-image-21704\" srcset=\"https:\/\/evisprodukttestblog.de\/wp-content\/uploads\/2025\/09\/DSC02059-1-scaled.jpg 1934w, https:\/\/evisprodukttestblog.de\/wp-content\/uploads\/2025\/09\/DSC02059-1-227x300.jpg 227w, https:\/\/evisprodukttestblog.de\/wp-content\/uploads\/2025\/09\/DSC02059-1-774x1024.jpg 774w, https:\/\/evisprodukttestblog.de\/wp-content\/uploads\/2025\/09\/DSC02059-1-768x1016.jpg 768w, https:\/\/evisprodukttestblog.de\/wp-content\/uploads\/2025\/09\/DSC02059-1-1161x1536.jpg 1161w, https:\/\/evisprodukttestblog.de\/wp-content\/uploads\/2025\/09\/DSC02059-1-1548x2048.jpg 1548w\" sizes=\"auto, (max-width: 1934px) 100vw, 1934px\" \/><\/figure>\n\n\n\n<figure class=\"wp-block-image size-large\"><img loading=\"lazy\" decoding=\"async\" width=\"759\" height=\"1024\" data-id=\"21705\" src=\"https:\/\/evisprodukttestblog.de\/wp-content\/uploads\/2025\/09\/DSC02088-1-759x1024.jpg\" alt=\"\" class=\"wp-image-21705\" srcset=\"https:\/\/evisprodukttestblog.de\/wp-content\/uploads\/2025\/09\/DSC02088-1-759x1024.jpg 759w, https:\/\/evisprodukttestblog.de\/wp-content\/uploads\/2025\/09\/DSC02088-1-222x300.jpg 222w, https:\/\/evisprodukttestblog.de\/wp-content\/uploads\/2025\/09\/DSC02088-1-768x1037.jpg 768w, https:\/\/evisprodukttestblog.de\/wp-content\/uploads\/2025\/09\/DSC02088-1-1138x1536.jpg 1138w, https:\/\/evisprodukttestblog.de\/wp-content\/uploads\/2025\/09\/DSC02088-1-1517x2048.jpg 1517w, https:\/\/evisprodukttestblog.de\/wp-content\/uploads\/2025\/09\/DSC02088-1-scaled.jpg 1896w\" sizes=\"auto, (max-width: 759px) 100vw, 759px\" \/><\/figure>\n<\/figure>\n<\/div><\/div>\n\n\n\n<p class=\"has-text-align-center\">***<\/p>\n\n\n\n<p>Mit den <strong><em>Herbst- und Winterneuheiten 2025<\/em><\/strong> hat Kneipp\u00ae wieder eine bunte Mischung im Gep\u00e4ck: <br>von stimmungsvollen Aroma-Pflegeduschen \u00fcber entspannende B\u00e4der bis hin zu Gesundheits- und Lifestyle-Produkten, die K\u00f6rper und Seele guttun. Egal ob Wohlf\u00fchlmoment, kleine Auszeit oder extra Energie im Alltag \u2013 hier ist f\u00fcr jede Stimmung das passende Produkt dabei \ud83d\ude42<\/p>\n\n\n\n<p class=\"has-text-align-center has-white-color has-secondary-background-color has-text-color has-background has-link-color wp-elements-935012a3d8f71b7c69bcac7d7c9170cf\"><strong>G\u00f6nn dir deine Wohlf\u00fchlmomente und entdecke die Produkte direkt im <a href=\"https:\/\/www.kneipp.com\/de_de\/neuheiten\/\" target=\"_blank\" rel=\"noreferrer noopener nofollow\">Kneipp-Shop<\/a>.<\/strong><\/p>\n\n\n\n<p class=\"has-text-align-center\">***<\/p>\n\n\n\n<p class=\"has-text-align-center has-small-font-size\"><strong><em>Transparenzhinweis: Dieser Beitrag enth\u00e4lt Werbung \u2013  im Rahmen<br>einer Kneipp\u00ae VIP-Autoren Aktion durfte ich mir 6 Neuheiten kostenlos ausw\u00e4hlen.<\/em><\/strong><\/p>\n\n\n\n<p class=\"has-text-align-center has-white-color has-highlight-background-color has-text-color has-background has-link-color has-small-font-size wp-elements-5a27c9a47053c660c2c321e9c6f51c06\"><strong>Die im Beitrag verwendeten Fotos sowie der Text sind mein Eigentum. <br>Eine Nutzung ohne meine ausdr\u00fcckliche Zustimmung ist nicht gestattet!<\/strong><\/p>\n","protected":false},"excerpt":{"rendered":"<p>Die Kneipp Neuheiten Herbst\/Winter 2025 sind da!<br \/>\nFreu dich auf neue Aroma-Pflegeduschen, w\u00e4rmende B\u00e4der und praktische Produkte f\u00fcr Gesundheit und Wohlbefinden. <\/p>\n<p>Jetzt entdecken!<\/p>\n","protected":false},"author":1,"featured_media":21683,"comment_status":"closed","ping_status":"closed","sticky":false,"template":"","format":"standard","meta":{"footnotes":""},"categories":[35],"tags":[],"class_list":["post-21139","post","type-post","status-publish","format-standard","has-post-thumbnail","hentry","category-kneipp-vip-autor"],"_links":{"self":[{"href":"https:\/\/evisprodukttestblog.de\/index.php?rest_route=\/wp\/v2\/posts\/21139","targetHints":{"allow":["GET"]}}],"collection":[{"href":"https:\/\/evisprodukttestblog.de\/index.php?rest_route=\/wp\/v2\/posts"}],"about":[{"href":"https:\/\/evisprodukttestblog.de\/index.php?rest_route=\/wp\/v2\/types\/post"}],"author":[{"embeddable":true,"href":"https:\/\/evisprodukttestblog.de\/index.php?rest_route=\/wp\/v2\/users\/1"}],"replies":[{"embeddable":true,"href":"https:\/\/evisprodukttestblog.de\/index.php?rest_route=%2Fwp%2Fv2%2Fcomments&post=21139"}],"version-history":[{"count":32,"href":"https:\/\/evisprodukttestblog.de\/index.php?rest_route=\/wp\/v2\/posts\/21139\/revisions"}],"predecessor-version":[{"id":21732,"href":"https:\/\/evisprodukttestblog.de\/index.php?rest_route=\/wp\/v2\/posts\/21139\/revisions\/21732"}],"wp:featuredmedia":[{"embeddable":true,"href":"https:\/\/evisprodukttestblog.de\/index.php?rest_route=\/wp\/v2\/media\/21683"}],"wp:attachment":[{"href":"https:\/\/evisprodukttestblog.de\/index.php?rest_route=%2Fwp%2Fv2%2Fmedia&parent=21139"}],"wp:term":[{"taxonomy":"category","embeddable":true,"href":"https:\/\/evisprodukttestblog.de\/index.php?rest_route=%2Fwp%2Fv2%2Fcategories&post=21139"},{"taxonomy":"post_tag","embeddable":true,"href":"https:\/\/evisprodukttestblog.de\/index.php?rest_route=%2Fwp%2Fv2%2Ftags&post=21139"}],"curies":[{"name":"wp","href":"https:\/\/api.w.org\/{rel}","templated":true}]}}