{"id":17362,"date":"2022-08-26T17:28:25","date_gmt":"2022-08-26T17:28:25","guid":{"rendered":"https:\/\/evisprodukttestblog.de\/?p=17362"},"modified":"2022-08-29T16:59:03","modified_gmt":"2022-08-29T16:59:03","slug":"kneipp-vip-aktion-urlaub","status":"publish","type":"post","link":"https:\/\/evisprodukttestblog.de\/?p=17362","title":{"rendered":"Kneipp\u00ae VIP-Aktion Urlaub"},"content":{"rendered":"\n<p class=\"has-text-align-center\">*** <strong><em>dieser Beitrag enth\u00e4lt unbezahlte Werbung<\/em><\/strong> ***<\/p>\n\n\n\n<p><\/p>\n\n\n\n<pre class=\"wp-block-verse\">\"Ich packe meinen Koffer &amp; nehme mit: eine Zahnb\u00fcrste.\"<br>\"Ich packe meinen Koffer &amp; nehme mit: eine Zahnb\u00fcrste &amp; f\u00fcnf T-Shirts.\"<br>\"Ich packe meinen Koffer &amp; nehme mit: eine Zahnb\u00fcrste, f\u00fcnf T-Shirts und ...\"<\/pre>\n\n\n\n<p>Oh wie habe ich dieses Spiel fr\u00fcher in der Schule verflucht&#8230;  \ud83d\ude2f <br>zumindest wenn ich ganz zum Schluss dran war &amp; mir diesen ganzen Krims Krams merken musste&#8230; <\/p>\n\n\n\n<p>Naja, diese Zeiten sind l\u00e4ngst vorbei &amp; wenn ich heute ans Koffer packen denke, dann nur, weil ein Urlaub oder eine Reise bevor steht \ud83d\ude00<\/p>\n\n\n\n<p>Und da darf eins nat\u00fcrlich nie fehlen: Pflegeprodukte von Kneipp\u00ae \ud83d\ude09<\/p>\n\n\n\n<p class=\"has-text-align-center\">***<\/p>\n\n\n\n<p><strong>Wusstet ihr eigentlich, dass es im Shop eine extra Kategorie f\u00fcr Reisegr\u00f6\u00dfen gibt?<\/strong><\/p>\n\n\n\n<figure class=\"wp-block-image size-large is-resized\"><img loading=\"lazy\" decoding=\"async\" src=\"https:\/\/evisprodukttestblog.de\/wp-content\/uploads\/2022\/08\/Screenshot-2022-08-26-19.26.33-1024x453.png\" alt=\"\" class=\"wp-image-17364\" width=\"768\" height=\"340\" srcset=\"https:\/\/evisprodukttestblog.de\/wp-content\/uploads\/2022\/08\/Screenshot-2022-08-26-19.26.33-1024x453.png 1024w, https:\/\/evisprodukttestblog.de\/wp-content\/uploads\/2022\/08\/Screenshot-2022-08-26-19.26.33-300x133.png 300w, https:\/\/evisprodukttestblog.de\/wp-content\/uploads\/2022\/08\/Screenshot-2022-08-26-19.26.33-768x339.png 768w, https:\/\/evisprodukttestblog.de\/wp-content\/uploads\/2022\/08\/Screenshot-2022-08-26-19.26.33.png 1319w\" sizes=\"auto, (max-width: 768px) 100vw, 768px\" \/><figcaption>Bildquelle: https:\/\/www.kneipp.com\/de_de\/produkte\/specials\/reisegroessen\/<\/figcaption><\/figure>\n\n\n\n<p class=\"has-text-align-center\">***<\/p>\n\n\n\n<p><strong>Und ein Produkt daraus m\u00f6chte ich euch nachfolgend gerne n\u00e4her vorstellen:<\/strong><\/p>\n\n\n\n<p class=\"has-text-align-center has-primary-background-color has-background\"><strong>ALOE VERA PLEGESET<\/strong><\/p>\n\n\n\n<p>Das Kneipp\u00ae Aloe Vera Pflegeset mit der Kombination aus Duschbalsam, Handcreme &amp; K\u00f6rperlotion ist feuchtigkeitsspendend, hautberuhigend und intensiv pflegend. Die Formel mit echtem Aloe Vera-Extrakt und nat\u00fcrlichen pflegenden \u00d6len sorgt f\u00fcr ein besonderes Pflegeerlebnis. Zudem bewahren die Formeln das hauteigene Mikrobiom.<\/p>\n\n\n\n<p>Die drei praktischen Tuben eignen sich aber nicht nur gut zum Kennenlernen der Serie; mit 75 ml Inhalt haben sie zudem die ideale Gr\u00f6\u00dfe f\u00fcr die Reisetasche \ud83d\ude09<\/p>\n\n\n\n<p>Ich kenne die ALOE VERA-Serie schon l\u00e4nger und kann euch die Produkte absolut empfehlen \ud83d\ude42<\/p>\n\n\n<div class=\"wp-block-image\">\n<figure class=\"aligncenter size-large is-resized\"><img loading=\"lazy\" decoding=\"async\" src=\"https:\/\/evisprodukttestblog.de\/wp-content\/uploads\/2022\/08\/DSC01050-01-4-1024x1024.jpeg\" alt=\"\" class=\"wp-image-17386\" width=\"394\" height=\"394\" srcset=\"https:\/\/evisprodukttestblog.de\/wp-content\/uploads\/2022\/08\/DSC01050-01-4-1024x1024.jpeg 1024w, https:\/\/evisprodukttestblog.de\/wp-content\/uploads\/2022\/08\/DSC01050-01-4-300x300.jpeg 300w, https:\/\/evisprodukttestblog.de\/wp-content\/uploads\/2022\/08\/DSC01050-01-4-150x150.jpeg 150w, https:\/\/evisprodukttestblog.de\/wp-content\/uploads\/2022\/08\/DSC01050-01-4-768x768.jpeg 768w, https:\/\/evisprodukttestblog.de\/wp-content\/uploads\/2022\/08\/DSC01050-01-4-1536x1536.jpeg 1536w, https:\/\/evisprodukttestblog.de\/wp-content\/uploads\/2022\/08\/DSC01050-01-4-2048x2048.jpeg 2048w\" sizes=\"auto, (max-width: 394px) 100vw, 394px\" \/><\/figure>\n<\/div>\n\n\n<p class=\"has-text-align-center\">***<\/p>\n\n\n\n<p>Erg\u00e4nzend dazu gibt es \u00fcbrigens auch ein Duschbalsam mit ALOE VERA \ud83d\ude00 <\/p>\n\n\n\n<p>Pflegend, fruchtig oder doch lieber frisch?<br>Die Auswahl an Duschprodukten ist bei Kneipp\u00ae wirklich gro\u00df &amp; ich bin mir sicher, dass auch ihr euer Lieblingsprodukt finden werdet \ud83d\ude09<\/p>\n\n\n\n<p class=\"has-text-align-center has-light-gray-background-color has-background\"><strong><a href=\"https:\/\/www.kneipp.com\/de_de\/produkte\/duschen\/?start=0&amp;sz=64\" target=\"_blank\" rel=\"noopener\">HIER GEHT&#8217;S ZU DEN DUSCHPRODUKTEN<\/a><\/strong><\/p>\n\n\n<div class=\"wp-block-image\">\n<figure class=\"aligncenter size-full is-resized\"><img loading=\"lazy\" decoding=\"async\" src=\"https:\/\/evisprodukttestblog.de\/wp-content\/uploads\/2022\/08\/Screenshot-2022-08-26-19.37.40-1.png\" alt=\"\" class=\"wp-image-17375\" width=\"899\" height=\"270\" srcset=\"https:\/\/evisprodukttestblog.de\/wp-content\/uploads\/2022\/08\/Screenshot-2022-08-26-19.37.40-1.png 1198w, https:\/\/evisprodukttestblog.de\/wp-content\/uploads\/2022\/08\/Screenshot-2022-08-26-19.37.40-1-300x90.png 300w, https:\/\/evisprodukttestblog.de\/wp-content\/uploads\/2022\/08\/Screenshot-2022-08-26-19.37.40-1-1024x308.png 1024w, https:\/\/evisprodukttestblog.de\/wp-content\/uploads\/2022\/08\/Screenshot-2022-08-26-19.37.40-1-768x231.png 768w\" sizes=\"auto, (max-width: 899px) 100vw, 899px\" \/><\/figure>\n<\/div>\n\n<div class=\"wp-block-image is-style-default\">\n<figure class=\"aligncenter size-full is-resized\"><img loading=\"lazy\" decoding=\"async\" src=\"https:\/\/evisprodukttestblog.de\/wp-content\/uploads\/2022\/08\/Screenshot-2022-08-26-19.37.56-1.png\" alt=\"\" class=\"wp-image-17374\" width=\"908\" height=\"284\" srcset=\"https:\/\/evisprodukttestblog.de\/wp-content\/uploads\/2022\/08\/Screenshot-2022-08-26-19.37.56-1.png 1210w, https:\/\/evisprodukttestblog.de\/wp-content\/uploads\/2022\/08\/Screenshot-2022-08-26-19.37.56-1-300x94.png 300w, https:\/\/evisprodukttestblog.de\/wp-content\/uploads\/2022\/08\/Screenshot-2022-08-26-19.37.56-1-1024x320.png 1024w, https:\/\/evisprodukttestblog.de\/wp-content\/uploads\/2022\/08\/Screenshot-2022-08-26-19.37.56-1-768x240.png 768w\" sizes=\"auto, (max-width: 908px) 100vw, 908px\" \/><figcaption>Bildquelle: https:\/\/www.kneipp.com\/de_de\/produkte\/duschen<\/figcaption><\/figure>\n<\/div>\n\n\n<p class=\"has-text-align-center\">***<\/p>\n\n\n\n<p class=\"has-text-align-center has-white-color has-primary-background-color has-text-color has-background\"><strong>Egal ob Strandurlaub oder Wanderung in den Bergen &#8211; auch die Lippen wollen gepflegt werden \ud83d\ude09<\/strong><\/p>\n\n\n<div class=\"wp-block-image\">\n<figure class=\"aligncenter size-large is-resized\"><img loading=\"lazy\" decoding=\"async\" src=\"https:\/\/evisprodukttestblog.de\/wp-content\/uploads\/2022\/08\/Lippe-1024x576.jpg\" alt=\"\" class=\"wp-image-17395\" width=\"768\" height=\"432\" srcset=\"https:\/\/evisprodukttestblog.de\/wp-content\/uploads\/2022\/08\/Lippe-1024x576.jpg 1024w, https:\/\/evisprodukttestblog.de\/wp-content\/uploads\/2022\/08\/Lippe-300x169.jpg 300w, https:\/\/evisprodukttestblog.de\/wp-content\/uploads\/2022\/08\/Lippe-768x432.jpg 768w, https:\/\/evisprodukttestblog.de\/wp-content\/uploads\/2022\/08\/Lippe.jpg 1366w\" sizes=\"auto, (max-width: 768px) 100vw, 768px\" \/><figcaption>Bildquelle: Kneipp\u00ae<\/figcaption><\/figure>\n<\/div>\n\n\n<p>Lippenbalsam von Kneipp spendet den Lippen Feuchtigkeit f\u00fcr frisch gepflegte und geschmeidige Lippen. Die Formel mit nachgewiesenem Depot-Effekt versorgt die Lippen langanhaltend und intensiv.<\/p>\n\n\n\n<p>Und wenn es etwas dezente Farbe sein darf: die farbige Lippenpflege zaubert einen h\u00fcbschen, nat\u00fcrlichen Look!<\/p>\n\n\n\n<p>\u00dcbrigens: Die Formel der langanhaltenden Lippenpflege ist zu 100% nat\u00fcrlichen Ursprungs. Das nachhaltige und innovative Verpackungskonzept besteht z.B. aus Graspapier, Paper Blend oder Korkresten und hilft uns die Natur zu respektieren.<\/p>\n\n\n\n<p class=\"has-text-align-center has-light-gray-background-color has-background\"><a href=\"https:\/\/www.kneipp.com\/de_de\/produkte\/koerper-gesicht\/lippenpflege\/\" data-type=\"URL\" data-id=\"https:\/\/www.kneipp.com\/de_de\/produkte\/koerper-gesicht\/lippenpflege\/\" target=\"_blank\" rel=\"noopener\"><strong>Hier geht&#8217;s zu den Lippenpflegeprodukten<\/strong><\/a><\/p>\n\n\n\n<p class=\"has-text-align-center\">***<\/p>\n\n\n\n<p>Ich packe meinen Koffer und nehme mit&#8230; <\/p>\n\n\n\n<p>&#8230; wie immer viel zu viel und dann fehlt garantiert doch noch was &#8230; \ud83d\ude00 <\/p>\n\n\n\n<p>In diesem Sinne packe ich jetzt tats\u00e4chlich meinen Koffer, denn am 01.09. darf ich zum KNEIPP VIP EVENT reisen, dass nach zwei Jahren Zwangspause endlich wieder stattfinden kann! <\/p>\n\n\n\n<p>In meiner Instagram-Story nehme ich euch nat\u00fcrlich mit \ud83d\ude09<\/p>\n\n\n\n<p><\/p>\n\n\n\n<p class=\"has-text-align-center\">***<\/p>\n\n\n\n<p class=\"has-text-align-center has-small-font-size\"><strong><em>Unbezahlte Werbung \u2013 die gezeigten Produkte wurden mir im Rahmen<br>einer Kneipp\u00ae VIP-Autoren Aktion kostenlos zur Verf\u00fcgung gestellt.<\/em><\/strong><\/p>\n\n\n\n<p class=\"has-text-align-center\"><\/p>\n","protected":false},"excerpt":{"rendered":"<p>*** dieser Beitrag enth\u00e4lt unbezahlte Werbung *** &#8222;Ich packe meinen Koffer &amp; nehme mit: eine Zahnb\u00fcrste.&#8220;&#8220;Ich packe meinen Koffer &amp; nehme mit: eine Zahnb\u00fcrste &amp;<\/p>\n","protected":false},"author":1,"featured_media":17404,"comment_status":"closed","ping_status":"closed","sticky":false,"template":"","format":"standard","meta":{"footnotes":""},"categories":[35,78],"tags":[],"class_list":["post-17362","post","type-post","status-publish","format-standard","has-post-thumbnail","hentry","category-kneipp-vip-autor","category-markenbotschafter"],"_links":{"self":[{"href":"https:\/\/evisprodukttestblog.de\/index.php?rest_route=\/wp\/v2\/posts\/17362","targetHints":{"allow":["GET"]}}],"collection":[{"href":"https:\/\/evisprodukttestblog.de\/index.php?rest_route=\/wp\/v2\/posts"}],"about":[{"href":"https:\/\/evisprodukttestblog.de\/index.php?rest_route=\/wp\/v2\/types\/post"}],"author":[{"embeddable":true,"href":"https:\/\/evisprodukttestblog.de\/index.php?rest_route=\/wp\/v2\/users\/1"}],"replies":[{"embeddable":true,"href":"https:\/\/evisprodukttestblog.de\/index.php?rest_route=%2Fwp%2Fv2%2Fcomments&post=17362"}],"version-history":[{"count":19,"href":"https:\/\/evisprodukttestblog.de\/index.php?rest_route=\/wp\/v2\/posts\/17362\/revisions"}],"predecessor-version":[{"id":17405,"href":"https:\/\/evisprodukttestblog.de\/index.php?rest_route=\/wp\/v2\/posts\/17362\/revisions\/17405"}],"wp:featuredmedia":[{"embeddable":true,"href":"https:\/\/evisprodukttestblog.de\/index.php?rest_route=\/wp\/v2\/media\/17404"}],"wp:attachment":[{"href":"https:\/\/evisprodukttestblog.de\/index.php?rest_route=%2Fwp%2Fv2%2Fmedia&parent=17362"}],"wp:term":[{"taxonomy":"category","embeddable":true,"href":"https:\/\/evisprodukttestblog.de\/index.php?rest_route=%2Fwp%2Fv2%2Fcategories&post=17362"},{"taxonomy":"post_tag","embeddable":true,"href":"https:\/\/evisprodukttestblog.de\/index.php?rest_route=%2Fwp%2Fv2%2Ftags&post=17362"}],"curies":[{"name":"wp","href":"https:\/\/api.w.org\/{rel}","templated":true}]}}