{"id":15155,"date":"2021-10-20T14:45:00","date_gmt":"2021-10-20T14:45:00","guid":{"rendered":"https:\/\/evisprodukttestblog.de\/?p=15155"},"modified":"2021-10-30T14:00:14","modified_gmt":"2021-10-30T14:00:14","slug":"kneipp-herbst-neuheiten-2021","status":"publish","type":"post","link":"https:\/\/evisprodukttestblog.de\/?p=15155","title":{"rendered":"Kneipp\u00ae Herbst Neuheiten 2021"},"content":{"rendered":"\n<p class=\"has-text-align-center\">***dieser Beitrag enth\u00e4lt unbezahlte Werbung***<\/p>\n\n\n\n<p>Ginge es nach mir h\u00e4tte der Sommer gerne noch l\u00e4nger bleiben d\u00fcrfen&#8230; aber es ist wie es ist &amp; eigentlich hat der Herbst ja auch viele sch\u00f6ne Seiten \ud83d\ude00<\/p>\n\n\n\n<p>Wie zum Beispiel die Herbstneuheiten von <strong>Kneipp\u00ae<\/strong>, die ich euch im Rahmen der VIP-Autoren nachfolgend wieder vorstellen darf \ud83d\ude09<\/p>\n\n\n\n<p class=\"has-text-align-center\">***<\/p>\n\n\n\n<p class=\"has-text-align-center has-white-color has-primary-background-color has-text-color has-background\"><strong><em>Wintergef\u00fchl Serie<\/em><\/strong><\/p>\n\n\n\n<p><strong>Beginnen wir am Besten mit der Wintergef\u00fchl-Serie, die derzeit f\u00fcnf verschiedene Produkte umfasst:<br><\/strong>Cremebad, Cremedusche, Badekristalle in der Einmalanwendung, Repair-K\u00f6rpermilch und Repair-Handcreme.<\/p>\n\n\n\n<p><br><\/p>\n\n\n\n<div class=\"wp-block-image is-style-default\"><figure class=\"aligncenter size-large is-resized\"><img loading=\"lazy\" decoding=\"async\" src=\"https:\/\/evisprodukttestblog.de\/wp-content\/uploads\/2021\/10\/Wintergefuehl_Serie-1024x576.jpg\" alt=\"\" class=\"wp-image-15527\" width=\"512\" height=\"288\" srcset=\"https:\/\/evisprodukttestblog.de\/wp-content\/uploads\/2021\/10\/Wintergefuehl_Serie-1024x576.jpg 1024w, https:\/\/evisprodukttestblog.de\/wp-content\/uploads\/2021\/10\/Wintergefuehl_Serie-300x169.jpg 300w, https:\/\/evisprodukttestblog.de\/wp-content\/uploads\/2021\/10\/Wintergefuehl_Serie-768x432.jpg 768w, https:\/\/evisprodukttestblog.de\/wp-content\/uploads\/2021\/10\/Wintergefuehl_Serie.jpg 1366w\" sizes=\"auto, (max-width: 512px) 100vw, 512px\" \/><figcaption>Bildquelle: Kneipp<\/figcaption><\/figure><\/div>\n\n\n\n<pre class=\"wp-block-verse\">Die Produkte enthalten als Hauptinhaltstoffe Safran, Marone und Sheabutter, die die Haut mit einem angenehm warmen, liebevollen und luxuri\u00f6sen Duft intensiv pflegen.<\/pre>\n\n\n\n<p>Bis auf die Repair-K\u00f6rpermilch habe ich mir alle Produkte aus dieser Reihe bestellt &amp; ich kann euch nur sagen: Lasst euch diese Serie nicht entgehen! \ud83d\ude00 Der Duft hat etwas &#8222;zimtiges&#8220; &#8211; riecht aber unglaublich gut &amp; passt absolut perfekt f\u00fcr die kalte Jahreszeit \ud83d\ude09<\/p>\n\n\n\n<figure class=\"wp-block-gallery columns-2 is-cropped wp-block-gallery-1 is-layout-flex wp-block-gallery-is-layout-flex\"><ul class=\"blocks-gallery-grid\"><li class=\"blocks-gallery-item\"><figure><img loading=\"lazy\" decoding=\"async\" width=\"1024\" height=\"1022\" src=\"https:\/\/evisprodukttestblog.de\/wp-content\/uploads\/2021\/10\/DSC00924-01-1024x1022.jpeg\" alt=\"\" data-id=\"15536\" data-full-url=\"https:\/\/evisprodukttestblog.de\/wp-content\/uploads\/2021\/10\/DSC00924-01-scaled.jpeg\" data-link=\"https:\/\/evisprodukttestblog.de\/?attachment_id=15536\" class=\"wp-image-15536\" srcset=\"https:\/\/evisprodukttestblog.de\/wp-content\/uploads\/2021\/10\/DSC00924-01-1024x1022.jpeg 1024w, https:\/\/evisprodukttestblog.de\/wp-content\/uploads\/2021\/10\/DSC00924-01-300x300.jpeg 300w, https:\/\/evisprodukttestblog.de\/wp-content\/uploads\/2021\/10\/DSC00924-01-150x150.jpeg 150w, https:\/\/evisprodukttestblog.de\/wp-content\/uploads\/2021\/10\/DSC00924-01-768x767.jpeg 768w, https:\/\/evisprodukttestblog.de\/wp-content\/uploads\/2021\/10\/DSC00924-01-1536x1533.jpeg 1536w, https:\/\/evisprodukttestblog.de\/wp-content\/uploads\/2021\/10\/DSC00924-01-2048x2045.jpeg 2048w\" sizes=\"auto, (max-width: 1024px) 100vw, 1024px\" \/><\/figure><\/li><li class=\"blocks-gallery-item\"><figure><img loading=\"lazy\" decoding=\"async\" width=\"1024\" height=\"1022\" src=\"https:\/\/evisprodukttestblog.de\/wp-content\/uploads\/2021\/10\/DSC00920-1-01-1024x1022.jpeg\" alt=\"\" data-id=\"15535\" data-full-url=\"https:\/\/evisprodukttestblog.de\/wp-content\/uploads\/2021\/10\/DSC00920-1-01-scaled.jpeg\" data-link=\"https:\/\/evisprodukttestblog.de\/?attachment_id=15535\" class=\"wp-image-15535\" srcset=\"https:\/\/evisprodukttestblog.de\/wp-content\/uploads\/2021\/10\/DSC00920-1-01-1024x1022.jpeg 1024w, https:\/\/evisprodukttestblog.de\/wp-content\/uploads\/2021\/10\/DSC00920-1-01-300x300.jpeg 300w, https:\/\/evisprodukttestblog.de\/wp-content\/uploads\/2021\/10\/DSC00920-1-01-150x150.jpeg 150w, https:\/\/evisprodukttestblog.de\/wp-content\/uploads\/2021\/10\/DSC00920-1-01-768x767.jpeg 768w, https:\/\/evisprodukttestblog.de\/wp-content\/uploads\/2021\/10\/DSC00920-1-01-1536x1533.jpeg 1536w, https:\/\/evisprodukttestblog.de\/wp-content\/uploads\/2021\/10\/DSC00920-1-01-2048x2045.jpeg 2048w\" sizes=\"auto, (max-width: 1024px) 100vw, 1024px\" \/><\/figure><\/li><\/ul><\/figure>\n\n\n\n<p class=\"has-text-align-center\">***<\/p>\n\n\n\n<p class=\"has-text-align-center has-white-color has-highlight-background-color has-text-color has-background\"><strong><em>Badezus\u00e4tze<\/em><\/strong><\/p>\n\n\n\n<pre class=\"wp-block-verse\"><strong>W\u00fcnsch' dir was...\nund lass deine Tr\u00e4ume wahr werden! <\/strong>\n\n\"Der winterlich-w\u00fcrzige Duft der Badekristalle - der an Chai erinnert - entf\u00fchrt Dich in eine Welt voller Magie! \n\nIn Kombination mit dem warmen Gold-gelb des Badewassers stellt sich das freudige Gef\u00fchl ein, dass all deine W\u00fcnsche wahr werden k\u00f6nnen, wenn Du tief in Deinem Herzen nur fest daran glaubst.\"<\/pre>\n\n\n\n<p>Nat\u00fcrlich k\u00f6nnen die neuen Badekristalle nicht wirklich W\u00fcnsche erf\u00fcllen&#8230;<br>aber ein erholsames &amp; herrlich duftendes Bad tut der Seele gut und gibt neue Kraft, um vielleicht doch den ein oder anderen Wunsch in die Tat umzusetzen \ud83d\ude09<\/p>\n\n\n\n<figure class=\"wp-block-gallery columns-2 is-cropped wp-block-gallery-2 is-layout-flex wp-block-gallery-is-layout-flex\"><ul class=\"blocks-gallery-grid\"><li class=\"blocks-gallery-item\"><figure><img loading=\"lazy\" decoding=\"async\" width=\"1024\" height=\"1022\" src=\"https:\/\/evisprodukttestblog.de\/wp-content\/uploads\/2021\/10\/DSC01200-02-1024x1022.jpeg\" alt=\"\" data-id=\"15540\" data-full-url=\"https:\/\/evisprodukttestblog.de\/wp-content\/uploads\/2021\/10\/DSC01200-02-scaled.jpeg\" data-link=\"https:\/\/evisprodukttestblog.de\/?attachment_id=15540\" class=\"wp-image-15540\" srcset=\"https:\/\/evisprodukttestblog.de\/wp-content\/uploads\/2021\/10\/DSC01200-02-1024x1022.jpeg 1024w, https:\/\/evisprodukttestblog.de\/wp-content\/uploads\/2021\/10\/DSC01200-02-300x300.jpeg 300w, https:\/\/evisprodukttestblog.de\/wp-content\/uploads\/2021\/10\/DSC01200-02-150x150.jpeg 150w, https:\/\/evisprodukttestblog.de\/wp-content\/uploads\/2021\/10\/DSC01200-02-768x767.jpeg 768w, https:\/\/evisprodukttestblog.de\/wp-content\/uploads\/2021\/10\/DSC01200-02-1536x1533.jpeg 1536w, https:\/\/evisprodukttestblog.de\/wp-content\/uploads\/2021\/10\/DSC01200-02-2048x2044.jpeg 2048w\" sizes=\"auto, (max-width: 1024px) 100vw, 1024px\" \/><\/figure><\/li><li class=\"blocks-gallery-item\"><figure><img loading=\"lazy\" decoding=\"async\" width=\"1024\" height=\"1022\" src=\"https:\/\/evisprodukttestblog.de\/wp-content\/uploads\/2021\/10\/DSC01212-01-1024x1022.jpeg\" alt=\"\" data-id=\"15541\" data-full-url=\"https:\/\/evisprodukttestblog.de\/wp-content\/uploads\/2021\/10\/DSC01212-01-scaled.jpeg\" data-link=\"https:\/\/evisprodukttestblog.de\/?attachment_id=15541\" class=\"wp-image-15541\" srcset=\"https:\/\/evisprodukttestblog.de\/wp-content\/uploads\/2021\/10\/DSC01212-01-1024x1022.jpeg 1024w, https:\/\/evisprodukttestblog.de\/wp-content\/uploads\/2021\/10\/DSC01212-01-300x300.jpeg 300w, https:\/\/evisprodukttestblog.de\/wp-content\/uploads\/2021\/10\/DSC01212-01-150x150.jpeg 150w, https:\/\/evisprodukttestblog.de\/wp-content\/uploads\/2021\/10\/DSC01212-01-768x767.jpeg 768w, https:\/\/evisprodukttestblog.de\/wp-content\/uploads\/2021\/10\/DSC01212-01-1536x1533.jpeg 1536w, https:\/\/evisprodukttestblog.de\/wp-content\/uploads\/2021\/10\/DSC01212-01-2048x2044.jpeg 2048w\" sizes=\"auto, (max-width: 1024px) 100vw, 1024px\" \/><\/figure><\/li><\/ul><\/figure>\n\n\n\n<p>Zauberhafte Momente lassen sich aber auch im neuen <strong>Aroma-Pflegeschaumbad W\u00e4rme &amp; Geborgenheit<\/strong> mit Rooibosextrakt und Cranberry\u00f6l genie\u00dfen \ud83d\ude42 <\/p>\n\n\n\n<p>Das Bad mit wertvollem nat\u00fcrlichem \u00d6l hinterl\u00e4sst ein weiches und geschmeidiges Hautgef\u00fchl.<\/p>\n\n\n\n<p class=\"has-text-align-center\">***<\/p>\n\n\n\n<p class=\"has-text-align-center has-white-color has-primary-background-color has-text-color has-background\"><strong><em>K\u00f6rperpflege<\/em><\/strong><\/p>\n\n\n\n<pre class=\"wp-block-verse\">Die Kneipp<sup>\u00ae<\/sup>&nbsp;<strong>Cremedusche Sanfte Pflege<\/strong>&nbsp;reinigt die Haut mild und pflegt sie zugleich. Die cremige Formulierung mit Baumwollmilchextrakt und pflegender Sheabutter schont und bewahrt das hauteigene Mikrobiom. Sie schenkt der Haut bereits beim Duschen ein Gef\u00fchl wie eingecremt und sorgt f\u00fcr einen langanhaltenden Pflegeeffekt. Der sanft-pflegende Duft macht sie perfekt f\u00fcr jeden Tag.<\/pre>\n\n\n\n<p>&#8222;&#8230; schont und bewahrt das hauteigene Mikrobiom &#8230;&#8220; <br>Sch\u00f6n &amp; gut werdet ihr jetzt sicherlich denken, aber wisst ihr denn auch, was das eigentlich ist? \ud83d\ude00 <\/p>\n\n\n\n<p class=\"has-text-align-center has-white-color has-primary-background-color has-text-color has-background\"><strong>Das Mikrobiom umfasst alle Mikroorganismen, die in und auf unserem K\u00f6rper leben.<\/strong><\/p>\n\n\n\n<p>Es gibt drei bedeutende Charaktere: Bakterien, Viren und Pilze. Die meisten von ihnen sind vollkommen harmlos; sie unterst\u00fctzen vielmehr sogar das gesunde Gleichgewicht unserer Haut.<\/p>\n\n\n\n<p>Um das Gleichgewicht des Mikrobioms zu bewahren, ist also eine Mikrobiom-freundliche Hautpflege wichtig! Das Team von Kneipp konnte das f\u00fcr ihre Produkte &#8211; im ersten Schritt die Duschen &#8211; in aufw\u00e4ndigen Studien nachweisen.<\/p>\n\n\n\n<p>\u21aa Eine <strong>neue Art der Vertr\u00e4glichkeit<\/strong> &amp; ein richtig spannendes Thema, zu dem ihr <a href=\"https:\/\/kneipp.world\/VIP_Mikrobiom\" class=\"rank-math-link\" target=\"_blank\" rel=\"noopener\">HIER<\/a> alles ausf\u00fchrlich nachlesen k\u00f6nnt \ud83d\ude00 <\/p>\n\n\n\n<figure class=\"wp-block-gallery aligncenter columns-2 is-cropped wp-block-gallery-3 is-layout-flex wp-block-gallery-is-layout-flex\"><ul class=\"blocks-gallery-grid\"><li class=\"blocks-gallery-item\"><figure><img loading=\"lazy\" decoding=\"async\" width=\"479\" height=\"421\" src=\"https:\/\/evisprodukttestblog.de\/wp-content\/uploads\/2021\/10\/Screenshot-2021-10-30-15.22.26.png\" alt=\"\" data-id=\"15554\" data-full-url=\"https:\/\/evisprodukttestblog.de\/wp-content\/uploads\/2021\/10\/Screenshot-2021-10-30-15.22.26.png\" data-link=\"https:\/\/evisprodukttestblog.de\/?attachment_id=15554\" class=\"wp-image-15554\" srcset=\"https:\/\/evisprodukttestblog.de\/wp-content\/uploads\/2021\/10\/Screenshot-2021-10-30-15.22.26.png 479w, https:\/\/evisprodukttestblog.de\/wp-content\/uploads\/2021\/10\/Screenshot-2021-10-30-15.22.26-300x264.png 300w\" sizes=\"auto, (max-width: 479px) 100vw, 479px\" \/><figcaption class=\"blocks-gallery-item__caption\">Bildquelle: Kneipp<\/figcaption><\/figure><\/li><li class=\"blocks-gallery-item\"><figure><img loading=\"lazy\" decoding=\"async\" width=\"1024\" height=\"1022\" src=\"https:\/\/evisprodukttestblog.de\/wp-content\/uploads\/2021\/10\/DSC01800-1-03-1-1024x1022.jpeg\" alt=\"\" data-id=\"15549\" data-link=\"https:\/\/evisprodukttestblog.de\/?attachment_id=15549\" class=\"wp-image-15549\" srcset=\"https:\/\/evisprodukttestblog.de\/wp-content\/uploads\/2021\/10\/DSC01800-1-03-1-1024x1022.jpeg 1024w, https:\/\/evisprodukttestblog.de\/wp-content\/uploads\/2021\/10\/DSC01800-1-03-1-300x300.jpeg 300w, https:\/\/evisprodukttestblog.de\/wp-content\/uploads\/2021\/10\/DSC01800-1-03-1-150x150.jpeg 150w, https:\/\/evisprodukttestblog.de\/wp-content\/uploads\/2021\/10\/DSC01800-1-03-1-768x767.jpeg 768w, https:\/\/evisprodukttestblog.de\/wp-content\/uploads\/2021\/10\/DSC01800-1-03-1-1536x1533.jpeg 1536w, https:\/\/evisprodukttestblog.de\/wp-content\/uploads\/2021\/10\/DSC01800-1-03-1-2048x2045.jpeg 2048w\" sizes=\"auto, (max-width: 1024px) 100vw, 1024px\" \/><\/figure><\/li><\/ul><\/figure>\n\n\n\n<p class=\"has-text-align-center\">***<\/p>\n\n\n\n<p class=\"has-text-align-center has-white-color has-highlight-background-color has-text-color has-background\"><strong><em>K\u00f6rpercremes &#8211; f\u00fcr die extra Portion Pflege!<\/em><\/strong><\/p>\n\n\n\n<p>Kommen wir zu guter Letzt noch zu den K\u00f6rpercremes, die ganz neu im Sortiment sind und mit ihren sichtbaren Pflegeperlen f\u00fcr die extra Portion Pflege sorgen \ud83d\ude00 <\/p>\n\n\n\n<pre class=\"wp-block-verse\">Die reichhaltige und intensiv pflegende Kneipp<sup>\u00ae<\/sup>&nbsp;<strong>K\u00f6rpercreme Mandelbl\u00fcten Hautzart<\/strong>&nbsp;mit einem zart-blumigen Duft, hoch konzentrierten nat\u00fcrlichen \u00d6len, Sheabutter und sichtbaren Mandel\u00f6lperlen spendet Feuchtigkeit und sch\u00fctzt die Haut vor lichtbedingter Hautalterung.<\/pre>\n\n\n\n<figure class=\"wp-block-image size-full is-style-default\"><img loading=\"lazy\" decoding=\"async\" width=\"968\" height=\"498\" src=\"https:\/\/evisprodukttestblog.de\/wp-content\/uploads\/2021\/10\/2021_Herbst_Bodycare.jpg\" alt=\"\" class=\"wp-image-15563\" srcset=\"https:\/\/evisprodukttestblog.de\/wp-content\/uploads\/2021\/10\/2021_Herbst_Bodycare.jpg 968w, https:\/\/evisprodukttestblog.de\/wp-content\/uploads\/2021\/10\/2021_Herbst_Bodycare-300x154.jpg 300w, https:\/\/evisprodukttestblog.de\/wp-content\/uploads\/2021\/10\/2021_Herbst_Bodycare-768x395.jpg 768w\" sizes=\"auto, (max-width: 968px) 100vw, 968px\" \/><figcaption>Bildquelle: Kneipp<\/figcaption><\/figure>\n\n\n\n<pre class=\"wp-block-verse\">Die kostbare und intensiv pflegende Kneipp<sup>\u00ae<\/sup>&nbsp;<strong>K\u00f6rpercreme Sch\u00f6nheitsgeheimni<\/strong>s mit einem einzigartig pflegenden Duft, hoch konzentrierten nat\u00fcrlichen \u00d6len, Sheabutter und sichtbaren Q10 Perlen pflegt intensiv und enth\u00fcllt nat\u00fcrlich sch\u00f6ne Haut.<\/pre>\n\n\n\n<p>Letztere habe ich in den letzten Wochen regelm\u00e4\u00dfig verwendet und kann bisher nur positives berichten!<br><br>Die Creme ist sehr ergiebig und zieht relativ schnell ein. Die Haut f\u00fchlt sich nach der Anwendung wunderbar weich &amp; gepflegt an; der zarte Duft rundet die Hautpflege wunderbar ab \ud83d\ude42<br><br>Nach dem \u00d6ffnen sollte der Tiegel &#8211; der 200ml enth\u00e4lt &#8211; innerhalb von 3 Monaten aufgebraucht werden!<br><\/p>\n\n\n\n<p class=\"has-text-align-center has-white-color has-highlight-background-color has-text-color has-background\"><strong>Gut f\u00fcr dich &amp; gut f\u00fcr die Umwelt! <\/strong><\/p>\n\n\n\n<p>Apropos Tiegel&#8230; diese bestehen zu 100 % aus PP &#8211;&nbsp;davon ist fast die H\u00e4lfte aus rPP&nbsp;(recyceltes Polypropylen).&nbsp;Das Etikett besteht aus rPE&nbsp;(recyceltes&nbsp; Polyethylen) &#8211;&nbsp;aus 50 % post consumer (Haushaltsabf\u00e4llen) &amp; 50 % post industrial (Industrieabf\u00e4lle).&nbsp;<\/p>\n\n\n\n<p>Somit sind die neuen K\u00f6rpercremes also nicht nur gut f\u00fcr dich, sondern auch f\u00fcr die Umwelt \ud83d\ude09<\/p>\n\n\n\n<p class=\"has-text-align-center\">***<\/p>\n\n\n\n<p class=\"has-text-align-center has-white-color has-primary-background-color has-text-color has-background\"><a href=\"https:\/\/www.kneipp.com\/de_de\/produkte\/neuheiten\" class=\"rank-math-link\" target=\"_blank\" rel=\"noopener\"><strong>\u00dcber diesen Link geht&#8217;s direkt zu den Neuheiten<\/strong><\/a><\/p>\n\n\n\n<p class=\"has-text-align-center\">***<\/p>\n\n\n\n<p class=\"has-text-align-center\"><em>Unbezahlte Werbung \u2013 die gezeigten Produkte wurden mir im Rahmen einer<\/em><br><em><strong>Kneipp\u00ae<\/strong>&nbsp;VIP-Autoren Aktion verg\u00fcnstigt zur Verf\u00fcgung gestellt<\/em>. <\/p>\n","protected":false},"excerpt":{"rendered":"<p>***dieser Beitrag enth\u00e4lt unbezahlte Werbung*** Ginge es nach mir h\u00e4tte der Sommer gerne noch l\u00e4nger bleiben d\u00fcrfen&#8230; aber es ist wie es ist &amp; eigentlich<\/p>\n","protected":false},"author":1,"featured_media":15523,"comment_status":"closed","ping_status":"closed","sticky":false,"template":"","format":"standard","meta":{"footnotes":""},"categories":[35],"tags":[],"class_list":["post-15155","post","type-post","status-publish","format-standard","has-post-thumbnail","hentry","category-kneipp-vip-autor"],"_links":{"self":[{"href":"https:\/\/evisprodukttestblog.de\/index.php?rest_route=\/wp\/v2\/posts\/15155","targetHints":{"allow":["GET"]}}],"collection":[{"href":"https:\/\/evisprodukttestblog.de\/index.php?rest_route=\/wp\/v2\/posts"}],"about":[{"href":"https:\/\/evisprodukttestblog.de\/index.php?rest_route=\/wp\/v2\/types\/post"}],"author":[{"embeddable":true,"href":"https:\/\/evisprodukttestblog.de\/index.php?rest_route=\/wp\/v2\/users\/1"}],"replies":[{"embeddable":true,"href":"https:\/\/evisprodukttestblog.de\/index.php?rest_route=%2Fwp%2Fv2%2Fcomments&post=15155"}],"version-history":[{"count":46,"href":"https:\/\/evisprodukttestblog.de\/index.php?rest_route=\/wp\/v2\/posts\/15155\/revisions"}],"predecessor-version":[{"id":15582,"href":"https:\/\/evisprodukttestblog.de\/index.php?rest_route=\/wp\/v2\/posts\/15155\/revisions\/15582"}],"wp:featuredmedia":[{"embeddable":true,"href":"https:\/\/evisprodukttestblog.de\/index.php?rest_route=\/wp\/v2\/media\/15523"}],"wp:attachment":[{"href":"https:\/\/evisprodukttestblog.de\/index.php?rest_route=%2Fwp%2Fv2%2Fmedia&parent=15155"}],"wp:term":[{"taxonomy":"category","embeddable":true,"href":"https:\/\/evisprodukttestblog.de\/index.php?rest_route=%2Fwp%2Fv2%2Fcategories&post=15155"},{"taxonomy":"post_tag","embeddable":true,"href":"https:\/\/evisprodukttestblog.de\/index.php?rest_route=%2Fwp%2Fv2%2Ftags&post=15155"}],"curies":[{"name":"wp","href":"https:\/\/api.w.org\/{rel}","templated":true}]}}